{"events":[{"id":2147,"global_id":"musikschule-muehldorf.de?id=2147","global_id_lineage":["musikschule-muehldorf.de?id=2147"],"author":"11","status":"publish","date":"2026-01-20 10:40:26","date_utc":"2026-01-20 09:40:26","modified":"2026-04-28 13:09:30","modified_utc":"2026-04-28 11:09:30","url":"https:\/\/musikschule-muehldorf.de\/?tribe_events=07-05-2026-19-uhr-astor-piazzolla-saal-adelheid-grundner-harfenklaenge","rest_url":"https:\/\/musikschule-muehldorf.de\/index.php?rest_route=\/tribe\/events\/v1\/events\/2147","title":"Konzertabsage:  07.05.2026 um 19 Uhr im Astor-Piazzolla-Saal: Adelheid Grundner &#8211; Harfenkl\u00e4nge","description":"<h3>Barock, Klassik &amp; musikalische Traditionen<\/h3>\n<h2><span style=\"color: #ff0000;\">Abgesagt!<\/span><\/h2>\n<p>Das Konzert \u201eHarfenkl\u00e4nge\u201c mit Adelheid Grundner am Donnerstag, 7. Mai 2026 in der St\u00e4dtischen Musikschule<strong><span style=\"color: #ff0000;\"> kann leider nicht wie geplant stattfinden.<\/span><\/strong><\/p>\n<p>Das Konzert wird zu einem sp\u00e4teren Zeitpunkt nachgeholt.<\/p>\n<p>Wir informieren Sie gerne, sobald der Ersatztermin bekannt ist.<\/p>\n<p>&nbsp;<\/p>\n<p>Vielen Dank f\u00fcr Ihr Verst\u00e4ndnis<\/p>\n<p><img loading=\"lazy\" decoding=\"async\" class=\"aligncenter wp-image-2137 size-full\" src=\"https:\/\/musikschule-muehldorf.de\/wp-content\/uploads\/2026\/01\/Adelheid-Grundner_Harfe_Lehrerkonzert_07.05.2026.jpg\" alt=\"\" width=\"1536\" height=\"1024\" srcset=\"https:\/\/musikschule-muehldorf.de\/wp-content\/uploads\/2026\/01\/Adelheid-Grundner_Harfe_Lehrerkonzert_07.05.2026.jpg 1536w, https:\/\/musikschule-muehldorf.de\/wp-content\/uploads\/2026\/01\/Adelheid-Grundner_Harfe_Lehrerkonzert_07.05.2026-300x200.jpg 300w, https:\/\/musikschule-muehldorf.de\/wp-content\/uploads\/2026\/01\/Adelheid-Grundner_Harfe_Lehrerkonzert_07.05.2026-1024x683.jpg 1024w, https:\/\/musikschule-muehldorf.de\/wp-content\/uploads\/2026\/01\/Adelheid-Grundner_Harfe_Lehrerkonzert_07.05.2026-768x512.jpg 768w, https:\/\/musikschule-muehldorf.de\/wp-content\/uploads\/2026\/01\/Adelheid-Grundner_Harfe_Lehrerkonzert_07.05.2026-1160x773.jpg 1160w\" sizes=\"auto, (max-width: 1536px) 100vw, 1536px\" \/><\/p>\n<p>In ihrem Soloprogramm spannt die <strong>Harfenistin Adelheid Grundner<\/strong> einen weiten Klangbogen von barocker Eleganz \u00fcber klassische Musik und alpenl\u00e4ndische Volksmusik bis hin zu jazzigen Ankl\u00e4ngen und amerikanischer Folklore. Werke von Georg Friedrich H\u00e4ndel stehen dabei neben St\u00fccken der amerikanischen Komponistin Pearl Chertok und traditionellen Melodien. Ein Abend, der die Vielseitigkeit der Harfe eindrucksvoll zeigt und ihr leuchtendes Klangspektrum zum Schweben bringt.<\/p>\n<p>Adelheid Grundner (Konzertharfe)<\/p>\n<p>&nbsp;<\/p>\n<p>Eintritt frei &#8211; um einen freiwilligen Unkostenbeitrag wird gebeten!<\/p>","excerpt":"","slug":"07-05-2026-19-uhr-astor-piazzolla-saal-adelheid-grundner-harfenklaenge","image":false,"all_day":false,"start_date":"2026-05-07 19:00:00","start_date_details":{"year":"2026","month":"05","day":"07","hour":"19","minutes":"00","seconds":"00"},"end_date":"2026-05-07 20:30:00","end_date_details":{"year":"2026","month":"05","day":"07","hour":"20","minutes":"30","seconds":"00"},"utc_start_date":"2026-05-07 17:00:00","utc_start_date_details":{"year":"2026","month":"05","day":"07","hour":"17","minutes":"00","seconds":"00"},"utc_end_date":"2026-05-07 18:30:00","utc_end_date_details":{"year":"2026","month":"05","day":"07","hour":"18","minutes":"30","seconds":"00"},"timezone":"Europe\/Berlin","timezone_abbr":"CEST","cost":"","cost_details":{"currency_symbol":"","currency_code":"","currency_position":"","values":[]},"website":"","show_map":true,"show_map_link":true,"hide_from_listings":false,"sticky":true,"featured":false,"categories":[{"name":"Konzerte","slug":"musical","term_group":0,"term_taxonomy_id":17,"taxonomy":"tribe_events_cat","description":"","parent":0,"count":4,"filter":"raw","id":17,"urls":{"self":"https:\/\/musikschule-muehldorf.de\/index.php?rest_route=\/tribe\/events\/v1\/categories\/17","collection":"https:\/\/musikschule-muehldorf.de\/index.php?rest_route=\/tribe\/events\/v1\/categories"}},{"name":"Veranstaltungen","slug":"veranstaltungen","term_group":0,"term_taxonomy_id":18,"taxonomy":"tribe_events_cat","description":"","parent":0,"count":3,"filter":"raw","id":18,"urls":{"self":"https:\/\/musikschule-muehldorf.de\/index.php?rest_route=\/tribe\/events\/v1\/categories\/18","collection":"https:\/\/musikschule-muehldorf.de\/index.php?rest_route=\/tribe\/events\/v1\/categories"}}],"tags":[],"venue":[],"organizer":[],"custom_fields":[],"ticketed":false},{"id":2187,"global_id":"musikschule-muehldorf.de?id=2187","global_id_lineage":["musikschule-muehldorf.de?id=2187"],"author":"11","status":"publish","date":"2026-02-03 10:59:49","date_utc":"2026-02-03 09:59:49","modified":"2026-02-03 11:12:06","modified_utc":"2026-02-03 10:12:06","url":"https:\/\/musikschule-muehldorf.de\/?tribe_events=01-07-2026-18-00-uhr-jahreskonzert","rest_url":"https:\/\/musikschule-muehldorf.de\/index.php?rest_route=\/tribe\/events\/v1\/events\/2187","title":"01.07.2026 &#8211; 18 Uhr: Jahreskonzert im Haberkasten","description":"<p><img loading=\"lazy\" decoding=\"async\" class=\"aligncenter wp-image-2191 size-large\" src=\"https:\/\/musikschule-muehldorf.de\/wp-content\/uploads\/2026\/02\/Sommerkonzert-Haberkasten_01.07.2026-1024x683.jpg\" alt=\"\" width=\"960\" height=\"640\" srcset=\"https:\/\/musikschule-muehldorf.de\/wp-content\/uploads\/2026\/02\/Sommerkonzert-Haberkasten_01.07.2026-1024x683.jpg 1024w, https:\/\/musikschule-muehldorf.de\/wp-content\/uploads\/2026\/02\/Sommerkonzert-Haberkasten_01.07.2026-300x200.jpg 300w, https:\/\/musikschule-muehldorf.de\/wp-content\/uploads\/2026\/02\/Sommerkonzert-Haberkasten_01.07.2026-768x512.jpg 768w, https:\/\/musikschule-muehldorf.de\/wp-content\/uploads\/2026\/02\/Sommerkonzert-Haberkasten_01.07.2026-1160x773.jpg 1160w, https:\/\/musikschule-muehldorf.de\/wp-content\/uploads\/2026\/02\/Sommerkonzert-Haberkasten_01.07.2026.jpg 1536w\" sizes=\"auto, (max-width: 960px) 100vw, 960px\" \/><\/p>\n<p>&nbsp;<\/p>\n<p>Das traditionelle Sommerkonzert gibt unseren Sch\u00fclerinnen und Sch\u00fclern die Gelegenheit, ihr K\u00f6nnen auf der B\u00fchne des Haberkastens zu pr\u00e4sentieren. Von Einsteigern bis zu F\u00f6rderklassenteilnehmenden spielen sie solistisch, gemeinsam mit Lehrkr\u00e4ften oder in Ensembles. Klassische Werke wechseln mit jazzigen und traditionellen Beitr\u00e4gen und spiegeln die bunte Vielfalt des Musikschuljahres wider \u2013 ein Konzertabend, bei dem die Freude am gemeinsamen Musizieren sp\u00fcrbar wird.<\/p>","excerpt":"","slug":"01-07-2026-18-00-uhr-jahreskonzert","image":false,"all_day":false,"start_date":"2026-07-01 18:00:00","start_date_details":{"year":"2026","month":"07","day":"01","hour":"18","minutes":"00","seconds":"00"},"end_date":"2026-07-01 19:30:00","end_date_details":{"year":"2026","month":"07","day":"01","hour":"19","minutes":"30","seconds":"00"},"utc_start_date":"2026-07-01 16:00:00","utc_start_date_details":{"year":"2026","month":"07","day":"01","hour":"16","minutes":"00","seconds":"00"},"utc_end_date":"2026-07-01 17:30:00","utc_end_date_details":{"year":"2026","month":"07","day":"01","hour":"17","minutes":"30","seconds":"00"},"timezone":"Europe\/Berlin","timezone_abbr":"CEST","cost":"","cost_details":{"currency_symbol":"","currency_code":"","currency_position":"","values":[]},"website":"","show_map":true,"show_map_link":true,"hide_from_listings":false,"sticky":false,"featured":false,"categories":[{"name":"Konzerte","slug":"musical","term_group":0,"term_taxonomy_id":17,"taxonomy":"tribe_events_cat","description":"","parent":0,"count":4,"filter":"raw","id":17,"urls":{"self":"https:\/\/musikschule-muehldorf.de\/index.php?rest_route=\/tribe\/events\/v1\/categories\/17","collection":"https:\/\/musikschule-muehldorf.de\/index.php?rest_route=\/tribe\/events\/v1\/categories"}},{"name":"Veranstaltungen","slug":"veranstaltungen","term_group":0,"term_taxonomy_id":18,"taxonomy":"tribe_events_cat","description":"","parent":0,"count":3,"filter":"raw","id":18,"urls":{"self":"https:\/\/musikschule-muehldorf.de\/index.php?rest_route=\/tribe\/events\/v1\/categories\/18","collection":"https:\/\/musikschule-muehldorf.de\/index.php?rest_route=\/tribe\/events\/v1\/categories"}}],"tags":[],"venue":[],"organizer":[],"custom_fields":[],"ticketed":false},{"id":2183,"global_id":"musikschule-muehldorf.de?id=2183","global_id_lineage":["musikschule-muehldorf.de?id=2183"],"author":"11","status":"publish","date":"2026-02-03 10:54:49","date_utc":"2026-02-03 09:54:49","modified":"2026-02-03 10:57:22","modified_utc":"2026-02-03 09:57:22","url":"https:\/\/musikschule-muehldorf.de\/?tribe_events=04-07-2026-tag-der-offenen-tuer","rest_url":"https:\/\/musikschule-muehldorf.de\/index.php?rest_route=\/tribe\/events\/v1\/events\/2183","title":"04.07.2026 &#8211; Tag der offenen T\u00fcr","description":"<p>&nbsp;<\/p>\n<p>&nbsp;<\/p>\n<p><img loading=\"lazy\" decoding=\"async\" class=\"aligncenter wp-image-2165 size-large\" src=\"https:\/\/musikschule-muehldorf.de\/wp-content\/uploads\/2023\/01\/Tag-der-offenen-Tuer_04.07.2026-1024x589.jpg\" alt=\"\" width=\"960\" height=\"552\" srcset=\"https:\/\/musikschule-muehldorf.de\/wp-content\/uploads\/2023\/01\/Tag-der-offenen-Tuer_04.07.2026-1024x589.jpg 1024w, https:\/\/musikschule-muehldorf.de\/wp-content\/uploads\/2023\/01\/Tag-der-offenen-Tuer_04.07.2026-300x173.jpg 300w, https:\/\/musikschule-muehldorf.de\/wp-content\/uploads\/2023\/01\/Tag-der-offenen-Tuer_04.07.2026-768x442.jpg 768w, https:\/\/musikschule-muehldorf.de\/wp-content\/uploads\/2023\/01\/Tag-der-offenen-Tuer_04.07.2026-1160x668.jpg 1160w, https:\/\/musikschule-muehldorf.de\/wp-content\/uploads\/2023\/01\/Tag-der-offenen-Tuer_04.07.2026.jpg 1534w\" sizes=\"auto, (max-width: 960px) 100vw, 960px\" \/><\/p>\n<p>&nbsp;<\/p>\n<p>In der St\u00e4dtischen Musikschule k\u00f6nnen Gro\u00df und Klein Lehrkr\u00e4fte kennenlernen, im offenen Unterricht \u00fcber die Schulter schauen und Instrumente selbst ausprobieren. Kleine Vorf\u00fchrungen zeigen die klangliche Vielfalt \u2013 von Hackbrett und Harfe \u00fcber Streicher, Tasten- und Blasinstrumente bis hin zum balinesischen Jegog. Ein Vormittag voller Musik, um von 10 bis 13\u202fUhr in entspannter Atmosph\u00e4re die Freude am Musizieren und die vielen Facetten der Musik zu entdecken.<\/p>","excerpt":"","slug":"04-07-2026-tag-der-offenen-tuer","image":false,"all_day":false,"start_date":"2026-07-04 10:00:00","start_date_details":{"year":"2026","month":"07","day":"04","hour":"10","minutes":"00","seconds":"00"},"end_date":"2026-07-04 13:00:00","end_date_details":{"year":"2026","month":"07","day":"04","hour":"13","minutes":"00","seconds":"00"},"utc_start_date":"2026-07-04 08:00:00","utc_start_date_details":{"year":"2026","month":"07","day":"04","hour":"08","minutes":"00","seconds":"00"},"utc_end_date":"2026-07-04 11:00:00","utc_end_date_details":{"year":"2026","month":"07","day":"04","hour":"11","minutes":"00","seconds":"00"},"timezone":"Europe\/Berlin","timezone_abbr":"CEST","cost":"","cost_details":{"currency_symbol":"","currency_code":"","currency_position":"","values":[]},"website":"","show_map":true,"show_map_link":true,"hide_from_listings":false,"sticky":false,"featured":false,"categories":[{"name":"Veranstaltungen","slug":"veranstaltungen","term_group":0,"term_taxonomy_id":18,"taxonomy":"tribe_events_cat","description":"","parent":0,"count":3,"filter":"raw","id":18,"urls":{"self":"https:\/\/musikschule-muehldorf.de\/index.php?rest_route=\/tribe\/events\/v1\/categories\/18","collection":"https:\/\/musikschule-muehldorf.de\/index.php?rest_route=\/tribe\/events\/v1\/categories"}}],"tags":[],"venue":[],"organizer":[],"custom_fields":[],"ticketed":false}],"rest_url":"https:\/\/musikschule-muehldorf.de\/index.php?rest_route=%2Ftribe%2Fevents%2Fv1%2Fevents%2F&page=1&per_page=50&start_date=2026-04-30 00:00:00&end_date=2028-04-30 23:59:59&status=publish","total":3,"total_pages":1}